{"id":3996,"date":"2022-01-06T22:34:53","date_gmt":"2022-01-06T22:34:53","guid":{"rendered":"https:\/\/www.justicefordayscholars.com\/story\/partenaires-egaux\/"},"modified":"2022-01-06T22:35:23","modified_gmt":"2022-01-06T22:35:23","slug":"partenaires-egaux","status":"publish","type":"story","link":"https:\/\/www.justicefordayscholars.com\/fr\/story\/partenaires-egaux\/","title":{"rendered":"Partenaires \u00e9gaux"},"content":{"rendered":"<p>Depuis <strong>2016<\/strong>, les Premi\u00e8res Nations Tk\u2019eml\u00fbps te Secw\u00e9pemc, Sechelt et les Cris de la Baie-James sont tous des partenaires \u00e9gaux dans le recours collectif autoris\u00e9 des \u00e9l\u00e8ves externes. Le 24 mai 2016, nous avons accept\u00e9 d\u2019entamer des n\u00e9gociations avec le gouvernement du Canada.<\/p>\n","protected":false},"template":"","meta":{"_et_pb_use_builder":"","_et_pb_old_content":"","_et_gb_content_width":"","inline_featured_image":false},"acf":[],"_links":{"self":[{"href":"https:\/\/www.justicefordayscholars.com\/fr\/wp-json\/wp\/v2\/story\/3996"}],"collection":[{"href":"https:\/\/www.justicefordayscholars.com\/fr\/wp-json\/wp\/v2\/story"}],"about":[{"href":"https:\/\/www.justicefordayscholars.com\/fr\/wp-json\/wp\/v2\/types\/story"}],"wp:attachment":[{"href":"https:\/\/www.justicefordayscholars.com\/fr\/wp-json\/wp\/v2\/media?parent=3996"}],"curies":[{"name":"wp","href":"https:\/\/api.w.org\/{rel}","templated":true}]}}