{"id":3995,"date":"2022-01-06T22:34:09","date_gmt":"2022-01-06T22:34:09","guid":{"rendered":"https:\/\/www.justicefordayscholars.com\/story\/nomination-du-representant-special-de-la-ministre\/"},"modified":"2022-01-06T22:34:23","modified_gmt":"2022-01-06T22:34:23","slug":"nomination-du-representant-special-de-la-ministre","status":"publish","type":"story","link":"https:\/\/www.justicefordayscholars.com\/fr\/story\/nomination-du-representant-special-de-la-ministre\/","title":{"rendered":"Nomination du repr\u00e9sentant sp\u00e9cial de la ministre"},"content":{"rendered":"<p>Une \u00e9tape importante dans le recours collectif des \u00e9l\u00e8ves externes a \u00e9t\u00e9 franchie<strong> le 24 octobre 2016<\/strong> avec l\u2019annonce de la nomination d\u2019un repr\u00e9sentant sp\u00e9cial de la ministre dans le but de n\u00e9gocier un r\u00e8glement. La ministre des Affaires autochtones et du Nord, l\u2019honorable Carolyn Bennett, a fait l\u2019annonce de la nomination de Thomas Isaac au poste de repr\u00e9sentant sp\u00e9cial de la ministre lors de l\u2019assembl\u00e9e g\u00e9n\u00e9rale annuelle de l\u2019Assembl\u00e9e des Premi\u00e8res Nations de la Colombie-Britannique. La nomination d\u2019un repr\u00e9sentant sp\u00e9cial de la ministre signifie que le proc\u00e8s reprendra de plus belle, alors que les deux parties en pr\u00e9sence aff\u00fbtent leurs armes pour les n\u00e9gociations. Tout r\u00e8glement conclu devra \u00e9galement \u00eatre soumis \u00e0 l\u2019examen de l\u2019honorable juge Sean Harrington, qui supervise le recours collectif. M\u00eame si la proc\u00e9dure prendra du temps, les deux parties, ainsi que le tribunal, sont d\u00e9termin\u00e9s \u00e0 agir avec c\u00e9l\u00e9rit\u00e9 pour trouver une solution avant que d\u2019autres survivants ne soient emport\u00e9s par la vieillesse.<\/p>\n","protected":false},"template":"","meta":{"_et_pb_use_builder":"","_et_pb_old_content":"","_et_gb_content_width":"","inline_featured_image":false},"acf":[],"_links":{"self":[{"href":"https:\/\/www.justicefordayscholars.com\/fr\/wp-json\/wp\/v2\/story\/3995"}],"collection":[{"href":"https:\/\/www.justicefordayscholars.com\/fr\/wp-json\/wp\/v2\/story"}],"about":[{"href":"https:\/\/www.justicefordayscholars.com\/fr\/wp-json\/wp\/v2\/types\/story"}],"wp:attachment":[{"href":"https:\/\/www.justicefordayscholars.com\/fr\/wp-json\/wp\/v2\/media?parent=3995"}],"curies":[{"name":"wp","href":"https:\/\/api.w.org\/{rel}","templated":true}]}}