{"id":971,"date":"2016-05-30T18:48:55","date_gmt":"2016-05-30T18:48:55","guid":{"rendered":"https:\/\/www.justicefordayscholars.com\/non-classifiee\/communique-de-presse-tkemlups-te-secwepemc-et-la-nation-shishalh-ont-le-plaisir-dannoncer-que-nous-sommes-un-recours-collectif-dexternat-certifie\/"},"modified":"2021-06-18T19:01:01","modified_gmt":"2021-06-18T19:01:01","slug":"communique-de-presse-tkemlups-te-secwepemc-et-la-nation-shishalh-ont-le-plaisir-dannoncer-que-nous-sommes-un-recours-collectif-dexternat-certifie","status":"publish","type":"post","link":"https:\/\/www.justicefordayscholars.com\/fr\/communique-de-presse-tkemlups-te-secwepemc-et-la-nation-shishalh-ont-le-plaisir-dannoncer-que-nous-sommes-un-recours-collectif-dexternat-certifie\/","title":{"rendered":"Communiqu\u00e9 de presse : TK\u2019eml\u00faps te Secwepemc et la nation sh\u00edsh\u00e1lh ont le plaisir d&rsquo;annoncer que nous sommes un recours collectif d&rsquo;externat certifi\u00e9"},"content":{"rendered":"<p><img loading=\"lazy\" class=\"alignleft wp-image-806 size-full\" src=\"https:\/\/www.justicefordayscholars.com\/wp-content\/uploads\/2016\/05\/pdf-download.png\" width=\"30\" height=\"30\" \/><a href=\"https:\/\/www.justicefordayscholars.com\/wp-content\/uploads\/2016\/05\/Notice-to-bands-for-ds-list-May-30-2016.pdf\">\u00a0T\u00e9l\u00e9charger le PDF<\/a>\u00a0<\/p>\n<p>30 mai 2016<\/p>\n<p>TK&#8217;eml\u00faps te Secwepemc et la nation sh\u00edsh\u00e1lh sont heureux d&rsquo;annoncer que nous sommes un recours collectif certifi\u00e9 pour les externats qui b\u00e9n\u00e9ficient d&rsquo;un solide soutien dans tout le Canada. 94 bandes distinctes se sont pr\u00e9sent\u00e9es pour \u00eatre incluses dans la poursuite repr\u00e9sentant chaque province o\u00f9 se trouvait un pensionnat indien.<\/p>\n<p>Lanc\u00e9 en 2012 par les bandes indiennes Tk&#8217;eml\u00faps te Secw\u00e9pemc et sh\u00edsh\u00e1lh, le recours collectif Day Scholars vise \u00e0 obtenir une indemnisation au nom de tous les Canadiens autochtones qui ont fr\u00e9quent\u00e9 un pensionnat indien, mais qui n&rsquo;y ont pas dormi. Les deux bandes demandent \u00e9galement des d\u00e9clarations concernant le r\u00f4le du Canada dans l&rsquo;\u00e9chec \u00e0 prot\u00e9ger la langue et la culture autochtones, et demandent une indemnisation pour les enfants des survivants et les bandes auxquelles appartiennent les survivants.<\/p>\n<p>Le Canada a, depuis plusieurs ann\u00e9es maintenant, reconnu et admis que les pensionnats indiens ont eu un impact profond non seulement sur ceux qui r\u00e9sidaient dans les \u00e9coles, mais aussi sur leurs communaut\u00e9s et leurs familles. Cette poursuite vise \u00e0 garantir que chaque jour les universitaires, leurs descendants et les 94 bandes qui ont opt\u00e9 pour notre recours collectif obtiennent une indemnisation, plus important encore, la justice.<\/p>\n<p>Actuellement, aucun processus de candidature officiel n&rsquo;est en place, cependant, les Ttes et SN Day Scholar Executive demandent \u00e0 chaque groupe de cr\u00e9er sa propre base de donn\u00e9es qui aidera \u00e0 d\u00e9terminer le nombre d&rsquo;externes et de leurs descendants dans leur propre pays ainsi qu&rsquo;\u00e0 travers le Canada. . Nous demandons \u00e0 chaque pays de faire ses propres recherches et de nous fournir les informations d&rsquo;ici le 30 juillet 2016. Pour votre commodit\u00e9, nous avons joint une ligne directrice qui peut \u00eatre utile dans votre recherche.<\/p>\n<p>Ttes et SN continueront de faire avancer le proc\u00e8s, tout en continuant \u00e0 tendre la main au Canada dans l&rsquo;espoir de parvenir \u00e0 une v\u00e9ritable r\u00e9conciliation.<\/p>\n<p>Pour plus d&rsquo;information veuillez contacter:<\/p>\n<p>Jo-Anne Gottfriedson<br \/>Tk&#8217;eml\u00faps te Secw\u00e9pemc Day Scholar Co-pr\u00e9sident et coordonnateur<br \/>200-300 Chef Alex Thomas Way<br \/>Kamloops, Colombie-Britannique, Canada V2H1H1<br \/>T\u00e9l\u00e9phone : 250-828-9788<br \/>T\u00e9l\u00e9copieur : 250-372-8833 <br \/>Courriel : <a href=\"mailto:jo-anne.gottfriedson@kib.ca\">jo-anne.gottfriedson@kib.ca<\/a><\/p>\n<p>Chef h\u00e9r\u00e9ditaire Garry Feschuk<br \/>Conseiller de la Nation Sechelt<br \/>5545 autoroute Sunshine Coast<br \/>Sechelt, Colombie-Britannique, Canada V0N3A0<br \/>T\u00e9l\u00e9phone : 603-885-2273<br \/>T\u00e9l\u00e9copieur : 604-885-3490<br \/>Courriel : <a href=\"mailto:gfeschuk@secheltnation.net\">gfeschuk@secheltnation.net<\/a><\/p>\n","protected":false},"excerpt":{"rendered":"<p>TK&#8217;eml\u00faps te Secwepemc et la nation sh\u00edsh\u00e1lh sont heureux d&rsquo;annoncer que nous sommes un recours collectif certifi\u00e9 pour les externats qui b\u00e9n\u00e9ficient d&rsquo;un solide soutien dans tout le Canada. 94 bandes distinctes se sont pr\u00e9sent\u00e9es pour \u00eatre incluses dans la poursuite repr\u00e9sentant chaque province o\u00f9 se trouvait un pensionnat indien.<\/p>\n","protected":false},"author":5,"featured_media":0,"comment_status":"closed","ping_status":"closed","sticky":false,"template":"","format":"standard","meta":{"_et_pb_use_builder":"","_et_pb_old_content":"","_et_gb_content_width":"","inline_featured_image":false},"categories":[23,22],"tags":[],"acf":[],"_links":{"self":[{"href":"https:\/\/www.justicefordayscholars.com\/fr\/wp-json\/wp\/v2\/posts\/971"}],"collection":[{"href":"https:\/\/www.justicefordayscholars.com\/fr\/wp-json\/wp\/v2\/posts"}],"about":[{"href":"https:\/\/www.justicefordayscholars.com\/fr\/wp-json\/wp\/v2\/types\/post"}],"author":[{"embeddable":true,"href":"https:\/\/www.justicefordayscholars.com\/fr\/wp-json\/wp\/v2\/users\/5"}],"replies":[{"embeddable":true,"href":"https:\/\/www.justicefordayscholars.com\/fr\/wp-json\/wp\/v2\/comments?post=971"}],"version-history":[{"count":0,"href":"https:\/\/www.justicefordayscholars.com\/fr\/wp-json\/wp\/v2\/posts\/971\/revisions"}],"wp:attachment":[{"href":"https:\/\/www.justicefordayscholars.com\/fr\/wp-json\/wp\/v2\/media?parent=971"}],"wp:term":[{"taxonomy":"category","embeddable":true,"href":"https:\/\/www.justicefordayscholars.com\/fr\/wp-json\/wp\/v2\/categories?post=971"},{"taxonomy":"post_tag","embeddable":true,"href":"https:\/\/www.justicefordayscholars.com\/fr\/wp-json\/wp\/v2\/tags?post=971"}],"curies":[{"name":"wp","href":"https:\/\/api.w.org\/{rel}","templated":true}]}}