{"id":965,"date":"2017-10-10T15:24:28","date_gmt":"2017-10-10T15:24:28","guid":{"rendered":"https:\/\/www.justicefordayscholars.com\/non-classifiee\/communique-de-presse-10-octobre-2017-protocole-dentente-signe\/"},"modified":"2021-06-18T18:59:29","modified_gmt":"2021-06-18T18:59:29","slug":"communique-de-presse-10-octobre-2017-protocole-dentente-signe","status":"publish","type":"post","link":"https:\/\/www.justicefordayscholars.com\/fr\/communique-de-presse-10-octobre-2017-protocole-dentente-signe\/","title":{"rendered":"Communiqu\u00e9 de presse, 10 octobre 2017 : protocole d&rsquo;entente sign\u00e9"},"content":{"rendered":"<p>Vancouver, le 10 octobre 2017<\/p>\n<p><img loading=\"lazy\" class=\"alignleft wp-image-806 size-full\" src=\"https:\/\/www.justicefordayscholars.com\/wp-content\/uploads\/2016\/05\/pdf-download.png\" width=\"30\" height=\"30\" \/><a href=\"https:\/\/www.justicefordayscholars.com\/wp-content\/uploads\/2017\/10\/17-10-03-Media-Release.pdf\"> T\u00e9l\u00e9charger le PDF<\/a><\/p>\n<p>Une \u00e9tape importante dans le litige des Day Scholars s&rsquo;est produite avec la signature d&rsquo;un \u00ab\u00a0protocole d&rsquo;entente\u00a0\u00bb entre le gouvernement canadien et les demandeurs des Premi\u00e8res Nations. Le protocole engage le gouvernement et les Premi\u00e8res Nations \u00e0 r\u00e9soudre ce litige sans avoir recours \u00e0 la salle d&rsquo;audience et \u00e0 continuer de travailler dans un esprit de r\u00e9conciliation pour trouver un r\u00e8glement \u00e9quitable en temps opportun.<\/p>\n<p>Lanc\u00e9 en 2012 par les bandes indiennes Tk&#8217;eml\u00faps te Secw\u00e9pemc et sh\u00edsh\u00e1lh, auxquelles s&rsquo;est joint le Grand Conseil des Cris (Eeyou Istchee), le recours collectif Day Scholars vise \u00e0 obtenir une indemnisation au nom de tous les Canadiens autochtones qui ont fr\u00e9quent\u00e9 un pensionnat indien. , mais qui n&rsquo;y a pas dormi. L&rsquo;affaire vise \u00e9galement \u00e0 obtenir des d\u00e9clarations concernant le r\u00f4le du Canada dans l&rsquo;\u00e9chec \u00e0 prot\u00e9ger la langue et la culture autochtones, et cherche \u00e0 obtenir une indemnisation pour les enfants des survivants et les bandes auxquelles appartiennent les survivants.<\/p>\n<p>\u00c0 la fin de 2016, le gouvernement canadien s&rsquo;est engag\u00e9 \u00e0 explorer la recherche d&rsquo;un r\u00e8glement juste et \u00e9quitable de la poursuite en dehors du processus judiciaire. Pendant dix mois, le gouvernement et les repr\u00e9sentants des plaignants se sont rencontr\u00e9s r\u00e9guli\u00e8rement pour pr\u00e9parer le terrain pour d&rsquo;autres conversations. Ce processus exploratoire est courant dans les n\u00e9gociations entre les peuples autochtones du Canada et le gouvernement et permet une m\u00e9thode qui peut \u00eatre respectueuse de la culture et du patrimoine des peuples autochtones et conforme aux objectifs de r\u00e9conciliation.<\/p>\n<p>\u00ab\u00a0Cela a \u00e9t\u00e9 une p\u00e9riode intense, mais nous sommes convaincus que les prochaines \u00e9tapes progresseront rapidement vers une v\u00e9ritable r\u00e9conciliation\u00a0\u00bb, a d\u00e9clar\u00e9 Jo-Anne Gottfriedson, pr\u00e9sidente du comit\u00e9 ex\u00e9cutif des plaignants, \u00ab\u00a0nous nous engageons \u00e0 mener cela \u00e0 un r\u00e8glement reconna\u00eet l&rsquo;importance de la culture et de la langue pour nos peuples, et cela conduit \u00e0 la gu\u00e9rison et au bien-\u00eatre des personnes qui ont fr\u00e9quent\u00e9 les pensionnats en tant qu&rsquo;externes, de leurs familles et de leurs communaut\u00e9s.<\/p>\n<p>Le docteur Matthew Coon Come du Grand Conseil des Cris (Eeyou Istchee) a d\u00e9clar\u00e9 : \u00ab Je suis heureux de voir que le gouvernement est d\u00e9termin\u00e9 \u00e0 travailler \u00e0 la r\u00e9solution de ce probl\u00e8me, mais ce n&rsquo;est pas le moment de prendre du repos. En tant que peuples des Premi\u00e8res Nations, nous devons continuer \u00e0 travailler ensemble et \u00e0 aller de l&rsquo;avant pour veiller \u00e0 ce que le pass\u00e9 ne soit pas oubli\u00e9 et que la r\u00e9conciliation puisse se produire. Nous comptons sur le soutien de tous les Canadiens autochtones pour aller de l&rsquo;avant.<\/p>\n<p>Les parties continueront d&rsquo;aller de l&rsquo;avant avec les discussions selon les modalit\u00e9s \u00e9nonc\u00e9es dans le protocole d&rsquo;entente. Les demandeurs s&rsquo;engagent \u00e0 partager les informations d\u00e8s qu&rsquo;elles sont disponibles.<\/p>\n<p>Pour plus d&rsquo;information veuillez contacter:<br \/>Jo-Anne Gottfriedson BGS\/ DEC<br \/>T&rsquo;kemlups te Secwepemc<br \/>Coordonnatrice de l&rsquo;\u00e9cole de jour<br \/>Copr\u00e9sident TteS &amp; SIN Day Scholar Executive<br \/>200-330 Chef Alex Thomas Way<br \/>Kamloops.BC V2H 1H1<br \/>Bureau : 250-828-9788 T\u00e9l\u00e9copieur 250-372-8833<br \/><a href=\"mailto:jo-anne.gottfriedson@kib.ca\">jo-anne.gottfriedson@kib.ca<\/a><\/p>\n","protected":false},"excerpt":{"rendered":"<p>Vancouver, le 10 octobre 2017 T\u00e9l\u00e9charger le PDF Une \u00e9tape importante dans le litige des Day Scholars s&rsquo;est produite avec la signature d&rsquo;un \u00ab\u00a0protocole d&rsquo;entente\u00a0\u00bb entre le gouvernement canadien et les demandeurs des Premi\u00e8res Nations. Le protocole engage le gouvernement et les Premi\u00e8res Nations \u00e0 r\u00e9soudre ce litige sans avoir recours \u00e0 la salle d&rsquo;audience [&hellip;]<\/p>\n","protected":false},"author":5,"featured_media":0,"comment_status":"closed","ping_status":"closed","sticky":false,"template":"","format":"standard","meta":{"_et_pb_use_builder":"","_et_pb_old_content":"","_et_gb_content_width":"","inline_featured_image":false},"categories":[23,22],"tags":[],"acf":[],"_links":{"self":[{"href":"https:\/\/www.justicefordayscholars.com\/fr\/wp-json\/wp\/v2\/posts\/965"}],"collection":[{"href":"https:\/\/www.justicefordayscholars.com\/fr\/wp-json\/wp\/v2\/posts"}],"about":[{"href":"https:\/\/www.justicefordayscholars.com\/fr\/wp-json\/wp\/v2\/types\/post"}],"author":[{"embeddable":true,"href":"https:\/\/www.justicefordayscholars.com\/fr\/wp-json\/wp\/v2\/users\/5"}],"replies":[{"embeddable":true,"href":"https:\/\/www.justicefordayscholars.com\/fr\/wp-json\/wp\/v2\/comments?post=965"}],"version-history":[{"count":0,"href":"https:\/\/www.justicefordayscholars.com\/fr\/wp-json\/wp\/v2\/posts\/965\/revisions"}],"wp:attachment":[{"href":"https:\/\/www.justicefordayscholars.com\/fr\/wp-json\/wp\/v2\/media?parent=965"}],"wp:term":[{"taxonomy":"category","embeddable":true,"href":"https:\/\/www.justicefordayscholars.com\/fr\/wp-json\/wp\/v2\/categories?post=965"},{"taxonomy":"post_tag","embeddable":true,"href":"https:\/\/www.justicefordayscholars.com\/fr\/wp-json\/wp\/v2\/tags?post=965"}],"curies":[{"name":"wp","href":"https:\/\/api.w.org\/{rel}","templated":true}]}}