{"id":5573,"date":"2025-09-29T12:00:02","date_gmt":"2025-09-29T12:00:02","guid":{"rendered":"https:\/\/www.justicefordayscholars.com\/?p=5573"},"modified":"2025-10-01T17:31:38","modified_gmt":"2025-10-01T17:31:38","slug":"avis-important-greve-de-postes-canada-3","status":"publish","type":"post","link":"https:\/\/www.justicefordayscholars.com\/fr\/avis-important-greve-de-postes-canada-3\/","title":{"rendered":"Avis important : Gr\u00e8ve de Postes Canada"},"content":{"rendered":"<p>[et_pb_section fb_built=\u00a0\u00bb1&Prime; _builder_version=\u00a0\u00bb4.23.4&Prime; global_colors_info=\u00a0\u00bb{}\u00a0\u00bb][et_pb_row _builder_version=\u00a0\u00bb4.23.4&Prime; background_size=\u00a0\u00bbinitial\u00a0\u00bb background_position=\u00a0\u00bbtop_left\u00a0\u00bb background_repeat=\u00a0\u00bbrepeat\u00a0\u00bb global_colors_info=\u00a0\u00bb{}\u00a0\u00bb][et_pb_column type=\u00a0\u00bb4_4&Prime; _builder_version=\u00a0\u00bb4.16&Prime; custom_padding=\u00a0\u00bb|||\u00a0\u00bb global_colors_info=\u00a0\u00bb{}\u00a0\u00bb custom_padding__hover=\u00a0\u00bb|||\u00a0\u00bb][et_pb_text admin_label=\u00a0\u00bbText\u00a0\u00bb _builder_version=\u00a0\u00bb4.23.4&Prime; background_size=\u00a0\u00bbinitial\u00a0\u00bb background_position=\u00a0\u00bbtop_left\u00a0\u00bb background_repeat=\u00a0\u00bbrepeat\u00a0\u00bb hover_enabled=\u00a0\u00bb0&Prime; global_colors_info=\u00a0\u00bb{}\u00a0\u00bb sticky_enabled=\u00a0\u00bb0&Prime;]<\/p>\n<p>Une gr\u00e8ve nationale de Postes Canada affecte la livraison en temps opportun du courrier li\u00e9 au r\u00e8glement relatif aux \u00e9l\u00e8ves externes y compris les ch\u00e8ques d&rsquo;indemnisation.<\/p>\n<p>Pendant la gr\u00e8ve, Postes Canada ne traite ni ne distribue le courrier. Cela signifie que la correspondance envoy\u00e9e par la poste n&rsquo;arrivera pas comme pr\u00e9vu.<\/p>\n<p>Vous pouvez contacter l&rsquo;administrateur par t\u00e9l\u00e9phone au <a href=\"tel:+18778775786\">1-877-877-5786<\/a> (sans frais), de 10 h \u00e0 18 h HNE du lundi au vendredi (ferm\u00e9 les jours f\u00e9ri\u00e9s) pour obtenir des renseignements sur votre demande d&rsquo;indemnisation, y compris toute information manquante. Vous pouvez \u00e9galement continuer \u00e0 envoyer des documents \u00e0 l&rsquo;administrateur par courrier \u00e9lectronique \u00e0 l&rsquo;adresse <a href=\"mailto:DayScholarsClaims@Deloitte.ca\">DayScholarsClaims@Deloitte.ca<\/a> ou par t\u00e9l\u00e9copieur au 416-601-6101.<\/p>\n<p>Nous vous remercions de votre patience pendant que nous travaillons sur ces d\u00e9veloppements. Nous vous invitons \u00e0 continuer \u00e0 consulter cette page pour les mises \u00e0 jour.<\/p>\n<p>[\/et_pb_text][\/et_pb_column][\/et_pb_row][\/et_pb_section]<\/p>\n","protected":false},"excerpt":{"rendered":"<p>Une gr\u00e8ve nationale de Postes Canada affecte la livraison en temps opportun du courrier li\u00e9 au r\u00e8glement relatif aux \u00e9l\u00e8ves externes y compris les ch\u00e8ques d&rsquo;indemnisation. Pendant la gr\u00e8ve, Postes Canada ne traite ni ne distribue le courrier. Cela signifie que la correspondance envoy\u00e9e par la poste n&rsquo;arrivera pas comme pr\u00e9vu. Vous pouvez contacter l&rsquo;administrateur [&hellip;]<\/p>\n","protected":false},"author":11,"featured_media":0,"comment_status":"closed","ping_status":"open","sticky":false,"template":"","format":"standard","meta":{"_et_pb_use_builder":"on","_et_pb_old_content":"","_et_gb_content_width":"","inline_featured_image":false},"categories":[12],"tags":[],"acf":[],"_links":{"self":[{"href":"https:\/\/www.justicefordayscholars.com\/fr\/wp-json\/wp\/v2\/posts\/5573"}],"collection":[{"href":"https:\/\/www.justicefordayscholars.com\/fr\/wp-json\/wp\/v2\/posts"}],"about":[{"href":"https:\/\/www.justicefordayscholars.com\/fr\/wp-json\/wp\/v2\/types\/post"}],"author":[{"embeddable":true,"href":"https:\/\/www.justicefordayscholars.com\/fr\/wp-json\/wp\/v2\/users\/11"}],"replies":[{"embeddable":true,"href":"https:\/\/www.justicefordayscholars.com\/fr\/wp-json\/wp\/v2\/comments?post=5573"}],"version-history":[{"count":21,"href":"https:\/\/www.justicefordayscholars.com\/fr\/wp-json\/wp\/v2\/posts\/5573\/revisions"}],"predecessor-version":[{"id":5709,"href":"https:\/\/www.justicefordayscholars.com\/fr\/wp-json\/wp\/v2\/posts\/5573\/revisions\/5709"}],"wp:attachment":[{"href":"https:\/\/www.justicefordayscholars.com\/fr\/wp-json\/wp\/v2\/media?parent=5573"}],"wp:term":[{"taxonomy":"category","embeddable":true,"href":"https:\/\/www.justicefordayscholars.com\/fr\/wp-json\/wp\/v2\/categories?post=5573"},{"taxonomy":"post_tag","embeddable":true,"href":"https:\/\/www.justicefordayscholars.com\/fr\/wp-json\/wp\/v2\/tags?post=5573"}],"curies":[{"name":"wp","href":"https:\/\/api.w.org\/{rel}","templated":true}]}}